{"id":58300,"date":"2026-03-11T10:00:56","date_gmt":"2026-03-11T09:00:56","guid":{"rendered":"https:\/\/finquescampanya.com\/?p=58300"},"modified":"2026-03-04T12:51:27","modified_gmt":"2026-03-04T11:51:27","slug":"el-auge-del-alquiler-de-temporada-entre-los-propietarios","status":"publish","type":"post","link":"https:\/\/finquescampanya.com\/es\/el-auge-del-alquiler-de-temporada-entre-los-propietarios\/","title":{"rendered":"El auge del alquiler de temporada entre los propietarios"},"content":{"rendered":"<p>El mercado del alquiler atraviesa una etapa de transformaci\u00f3n constante. Las nuevas din\u00e1micas laborales, la movilidad geogr\u00e1fica y los cambios normativos han modificado tanto la demanda como la estrategia de los propietarios. En este contexto, el alquiler de temporada ha experimentado un crecimiento notable, consolid\u00e1ndose como una opci\u00f3n cada vez m\u00e1s atractiva para quienes buscan equilibrio entre rentabilidad y flexibilidad.<\/p>\n<p>El alquiler de temporada se caracteriza por estar vinculado a una necesidad concreta y limitada en el tiempo. No se trata de cubrir la residencia habitual del inquilino, sino de dar respuesta a situaciones espec\u00edficas como desplazamientos profesionales, cursos acad\u00e9micos, tratamientos m\u00e9dicos o proyectos temporales. Esta particularidad permite adaptar la vivienda a perfiles diversos y mantenerla ocupada durante buena parte del a\u00f1o.<\/p>\n<p>Uno de los factores que explica su auge es la b\u00fasqueda de mayor control por parte de los propietarios. Frente a los contratos de larga duraci\u00f3n, que implican compromisos prolongados y un marco regulatorio m\u00e1s r\u00edgido, el alquiler de temporada ofrece mayor capacidad de planificaci\u00f3n. El propietario conoce desde el inicio la duraci\u00f3n aproximada de la estancia y puede decidir con mayor libertad sobre la disponibilidad futura del inmueble.<\/p>\n<p>Al mismo tiempo, esta modalidad presenta ventajas frente al alquiler vacacional. Aunque puede generar ingresos algo m\u00e1s moderados que los picos del turismo en temporada alta, reduce significativamente la rotaci\u00f3n constante de ocupantes y el desgaste del inmueble. Esto se traduce en menos costes de mantenimiento, menos gestiones operativas y una relaci\u00f3n m\u00e1s estable con el arrendatario.<\/p>\n<p>La creciente movilidad profesional y acad\u00e9mica tambi\u00e9n impulsa esta tendencia. Cada vez m\u00e1s personas necesitan soluciones habitacionales flexibles, bien ubicadas y listas para entrar a vivir durante periodos determinados. Este perfil de demanda aporta continuidad al mercado y favorece contratos de varios meses, lo que incrementa la previsibilidad de ingresos.<\/p>\n<p>En <strong>Finques Campany\u00e0 <\/strong>observamos que el auge del alquiler de temporada no es una moda pasajera, sino una respuesta coherente a la evoluci\u00f3n del mercado. Con un contrato bien redactado y una correcta definici\u00f3n de la causa temporal, esta modalidad puede convertirse en una estrategia s\u00f3lida para propietarios que desean optimizar su vivienda sin asumir riesgos innecesarios.<\/p>\n","protected":false},"excerpt":{"rendered":"<p>El mercado del alquiler atraviesa una etapa de transformaci\u00f3n constante. Las nuevas din\u00e1micas laborales, la movilidad geogr\u00e1fica y los cambios normativos han modificado tanto la demanda como la estrategia de los propietarios. En este contexto, el alquiler de temporada ha experimentado un crecimiento notable, consolid\u00e1ndose como una opci\u00f3n cada vez m\u00e1s atractiva para quienes buscan [&hellip;]<\/p>\n","protected":false},"author":6,"featured_media":58297,"comment_status":"closed","ping_status":"open","sticky":false,"template":"","format":"standard","meta":{"footnotes":""},"categories":[1],"tags":[],"class_list":["post-58300","post","type-post","status-publish","format-standard","has-post-thumbnail","hentry","category-sin-categoria","clearfix"],"yoast_head":"<!-- This site is optimized with the Yoast SEO plugin v26.3 - https:\/\/yoast.com\/wordpress\/plugins\/seo\/ -->\n<title>El auge del alquiler de temporada entre los propietarios - finquescampanya.com ag\u00e8ncia immobiliaria a Barcelona, Sant Andreu<\/title>\n<meta name=\"description\" content=\"Casas, pisos y locales en venta en la provincia de Barcelona. Nuestra filosof\u00eda es dar un trato personalizado y cercano al cliente, no s\u00f3lo cumplir con sus expectativas sino tambi\u00e9n superarlas. Asimismo, el hecho de ser una empresa familiar nos facilita ser m\u00e1s flexibles y din\u00e1micos, permiti\u00e9ndonos una mayor agilidad para adaptarse a un sector en constante evoluci\u00f3n.\" \/>\n<meta name=\"robots\" content=\"noindex, follow\" \/>\n<meta property=\"og:locale\" content=\"es_ES\" \/>\n<meta property=\"og:type\" content=\"article\" \/>\n<meta property=\"og:title\" content=\"El auge del alquiler de temporada entre los propietarios - finquescampanya.com ag\u00e8ncia immobiliaria a Barcelona, Sant Andreu\" \/>\n<meta property=\"og:description\" content=\"Casas, pisos y locales en venta en la provincia de Barcelona. Nuestra filosof\u00eda es dar un trato personalizado y cercano al cliente, no s\u00f3lo cumplir con sus expectativas sino tambi\u00e9n superarlas. Asimismo, el hecho de ser una empresa familiar nos facilita ser m\u00e1s flexibles y din\u00e1micos, permiti\u00e9ndonos una mayor agilidad para adaptarse a un sector en constante evoluci\u00f3n.\" \/>\n<meta property=\"og:url\" content=\"https:\/\/finquescampanya.com\/es\/el-auge-del-alquiler-de-temporada-entre-los-propietarios\/\" \/>\n<meta property=\"og:site_name\" content=\"finquescampanya.com ag\u00e8ncia immobiliaria a Barcelona, Sant Andreu\" \/>\n<meta property=\"article:publisher\" content=\"https:\/\/www.facebook.com\/pages\/Finques-Campanya\/115265252208077\" \/>\n<meta property=\"article:published_time\" content=\"2026-03-11T09:00:56+00:00\" \/>\n<meta property=\"og:image\" content=\"https:\/\/finquescampanya.com\/wp-content\/uploads\/2026\/03\/iStock-1137568172-scaled.jpg\" \/>\n\t<meta property=\"og:image:width\" content=\"2560\" \/>\n\t<meta property=\"og:image:height\" content=\"1707\" \/>\n\t<meta property=\"og:image:type\" content=\"image\/jpeg\" \/>\n<meta name=\"author\" content=\"jperalta@api.cat\" \/>\n<meta name=\"twitter:card\" content=\"summary_large_image\" \/>\n<meta name=\"twitter:label1\" content=\"Escrito por\" \/>\n\t<meta name=\"twitter:data1\" content=\"jperalta@api.cat\" \/>\n\t<meta name=\"twitter:label2\" content=\"Tiempo de lectura\" \/>\n\t<meta name=\"twitter:data2\" content=\"3 minutos\" \/>\n<script type=\"application\/ld+json\" class=\"yoast-schema-graph\">{\"@context\":\"https:\/\/schema.org\",\"@graph\":[{\"@type\":\"Article\",\"@id\":\"https:\/\/finquescampanya.com\/es\/el-auge-del-alquiler-de-temporada-entre-los-propietarios\/#article\",\"isPartOf\":{\"@id\":\"https:\/\/finquescampanya.com\/es\/el-auge-del-alquiler-de-temporada-entre-los-propietarios\/\"},\"author\":{\"name\":\"jperalta@api.cat\",\"@id\":\"https:\/\/finquescampanya.com\/es\/#\/schema\/person\/4308624aba57986e7b026f6012e179f5\"},\"headline\":\"El auge del alquiler de temporada entre los propietarios\",\"datePublished\":\"2026-03-11T09:00:56+00:00\",\"mainEntityOfPage\":{\"@id\":\"https:\/\/finquescampanya.com\/es\/el-auge-del-alquiler-de-temporada-entre-los-propietarios\/\"},\"wordCount\":390,\"publisher\":{\"@id\":\"https:\/\/finquescampanya.com\/es\/#organization\"},\"image\":{\"@id\":\"https:\/\/finquescampanya.com\/es\/el-auge-del-alquiler-de-temporada-entre-los-propietarios\/#primaryimage\"},\"thumbnailUrl\":\"https:\/\/finquescampanya.com\/wp-content\/uploads\/2026\/03\/iStock-1137568172-scaled.jpg\",\"inLanguage\":\"es\"},{\"@type\":\"WebPage\",\"@id\":\"https:\/\/finquescampanya.com\/es\/el-auge-del-alquiler-de-temporada-entre-los-propietarios\/\",\"url\":\"https:\/\/finquescampanya.com\/es\/el-auge-del-alquiler-de-temporada-entre-los-propietarios\/\",\"name\":\"El auge del alquiler de temporada entre los propietarios - finquescampanya.com ag\u00e8ncia immobiliaria a Barcelona, Sant Andreu\",\"isPartOf\":{\"@id\":\"https:\/\/finquescampanya.com\/es\/#website\"},\"primaryImageOfPage\":{\"@id\":\"https:\/\/finquescampanya.com\/es\/el-auge-del-alquiler-de-temporada-entre-los-propietarios\/#primaryimage\"},\"image\":{\"@id\":\"https:\/\/finquescampanya.com\/es\/el-auge-del-alquiler-de-temporada-entre-los-propietarios\/#primaryimage\"},\"thumbnailUrl\":\"https:\/\/finquescampanya.com\/wp-content\/uploads\/2026\/03\/iStock-1137568172-scaled.jpg\",\"datePublished\":\"2026-03-11T09:00:56+00:00\",\"description\":\"Casas, pisos y locales en venta en la provincia de Barcelona. Nuestra filosof\u00eda es dar un trato personalizado y cercano al cliente, no s\u00f3lo cumplir con sus expectativas sino tambi\u00e9n superarlas. Asimismo, el hecho de ser una empresa familiar nos facilita ser m\u00e1s flexibles y din\u00e1micos, permiti\u00e9ndonos una mayor agilidad para adaptarse a un sector en constante evoluci\u00f3n.\",\"breadcrumb\":{\"@id\":\"https:\/\/finquescampanya.com\/es\/el-auge-del-alquiler-de-temporada-entre-los-propietarios\/#breadcrumb\"},\"inLanguage\":\"es\",\"potentialAction\":[{\"@type\":\"ReadAction\",\"target\":[\"https:\/\/finquescampanya.com\/es\/el-auge-del-alquiler-de-temporada-entre-los-propietarios\/\"]}]},{\"@type\":\"ImageObject\",\"inLanguage\":\"es\",\"@id\":\"https:\/\/finquescampanya.com\/es\/el-auge-del-alquiler-de-temporada-entre-los-propietarios\/#primaryimage\",\"url\":\"https:\/\/finquescampanya.com\/wp-content\/uploads\/2026\/03\/iStock-1137568172-scaled.jpg\",\"contentUrl\":\"https:\/\/finquescampanya.com\/wp-content\/uploads\/2026\/03\/iStock-1137568172-scaled.jpg\",\"width\":2560,\"height\":1707,\"caption\":\"Home model and rental agreement document with pen. Depicts the lease contract process for legal validity.\"},{\"@type\":\"BreadcrumbList\",\"@id\":\"https:\/\/finquescampanya.com\/es\/el-auge-del-alquiler-de-temporada-entre-los-propietarios\/#breadcrumb\",\"itemListElement\":[{\"@type\":\"ListItem\",\"position\":1,\"name\":\"Inici\",\"item\":\"https:\/\/finquescampanya.com\/es\/\"},{\"@type\":\"ListItem\",\"position\":2,\"name\":\"El auge del alquiler de temporada entre los propietarios\"}]},{\"@type\":\"WebSite\",\"@id\":\"https:\/\/finquescampanya.com\/es\/#website\",\"url\":\"https:\/\/finquescampanya.com\/es\/\",\"name\":\"finquescampanya.com ag\u00e8ncia immobiliaria a Barcelona, Sant Andreu\",\"description\":\"Administradors de finques i agents immobiliaris des de 1915\",\"publisher\":{\"@id\":\"https:\/\/finquescampanya.com\/es\/#organization\"},\"potentialAction\":[{\"@type\":\"SearchAction\",\"target\":{\"@type\":\"EntryPoint\",\"urlTemplate\":\"https:\/\/finquescampanya.com\/es\/?s={search_term_string}\"},\"query-input\":{\"@type\":\"PropertyValueSpecification\",\"valueRequired\":true,\"valueName\":\"search_term_string\"}}],\"inLanguage\":\"es\"},{\"@type\":\"Organization\",\"@id\":\"https:\/\/finquescampanya.com\/es\/#organization\",\"name\":\"Finques campany\u00e0\",\"url\":\"https:\/\/finquescampanya.com\/es\/\",\"logo\":{\"@type\":\"ImageObject\",\"inLanguage\":\"es\",\"@id\":\"https:\/\/finquescampanya.com\/es\/#\/schema\/logo\/image\/\",\"url\":\"https:\/\/finquescampanya.com\/wp-content\/uploads\/2015\/12\/logo-final-pantone-WEB.jpg\",\"contentUrl\":\"https:\/\/finquescampanya.com\/wp-content\/uploads\/2015\/12\/logo-final-pantone-WEB.jpg\",\"width\":627,\"height\":134,\"caption\":\"Finques campany\u00e0\"},\"image\":{\"@id\":\"https:\/\/finquescampanya.com\/es\/#\/schema\/logo\/image\/\"},\"sameAs\":[\"https:\/\/www.facebook.com\/pages\/Finques-Campanya\/115265252208077\"]},{\"@type\":\"Person\",\"@id\":\"https:\/\/finquescampanya.com\/es\/#\/schema\/person\/4308624aba57986e7b026f6012e179f5\",\"name\":\"jperalta@api.cat\",\"image\":{\"@type\":\"ImageObject\",\"inLanguage\":\"es\",\"@id\":\"https:\/\/finquescampanya.com\/es\/#\/schema\/person\/image\/\",\"url\":\"https:\/\/secure.gravatar.com\/avatar\/0f0378b736c658fdf315f2f76fd5c2d03debf2b4559955d721f241d1c6f077cd?s=96&d=mm&r=g\",\"contentUrl\":\"https:\/\/secure.gravatar.com\/avatar\/0f0378b736c658fdf315f2f76fd5c2d03debf2b4559955d721f241d1c6f077cd?s=96&d=mm&r=g\",\"caption\":\"jperalta@api.cat\"}}]}<\/script>\n<!-- \/ Yoast SEO plugin. -->","yoast_head_json":{"title":"El auge del alquiler de temporada entre los propietarios - finquescampanya.com ag\u00e8ncia immobiliaria a Barcelona, Sant Andreu","description":"Casas, pisos y locales en venta en la provincia de Barcelona. Nuestra filosof\u00eda es dar un trato personalizado y cercano al cliente, no s\u00f3lo cumplir con sus expectativas sino tambi\u00e9n superarlas. Asimismo, el hecho de ser una empresa familiar nos facilita ser m\u00e1s flexibles y din\u00e1micos, permiti\u00e9ndonos una mayor agilidad para adaptarse a un sector en constante evoluci\u00f3n.","robots":{"index":"noindex","follow":"follow"},"og_locale":"es_ES","og_type":"article","og_title":"El auge del alquiler de temporada entre los propietarios - finquescampanya.com ag\u00e8ncia immobiliaria a Barcelona, Sant Andreu","og_description":"Casas, pisos y locales en venta en la provincia de Barcelona. Nuestra filosof\u00eda es dar un trato personalizado y cercano al cliente, no s\u00f3lo cumplir con sus expectativas sino tambi\u00e9n superarlas. Asimismo, el hecho de ser una empresa familiar nos facilita ser m\u00e1s flexibles y din\u00e1micos, permiti\u00e9ndonos una mayor agilidad para adaptarse a un sector en constante evoluci\u00f3n.","og_url":"https:\/\/finquescampanya.com\/es\/el-auge-del-alquiler-de-temporada-entre-los-propietarios\/","og_site_name":"finquescampanya.com ag\u00e8ncia immobiliaria a Barcelona, Sant Andreu","article_publisher":"https:\/\/www.facebook.com\/pages\/Finques-Campanya\/115265252208077","article_published_time":"2026-03-11T09:00:56+00:00","og_image":[{"width":2560,"height":1707,"url":"https:\/\/finquescampanya.com\/wp-content\/uploads\/2026\/03\/iStock-1137568172-scaled.jpg","type":"image\/jpeg"}],"author":"jperalta@api.cat","twitter_card":"summary_large_image","twitter_misc":{"Escrito por":"jperalta@api.cat","Tiempo de lectura":"3 minutos"},"schema":{"@context":"https:\/\/schema.org","@graph":[{"@type":"Article","@id":"https:\/\/finquescampanya.com\/es\/el-auge-del-alquiler-de-temporada-entre-los-propietarios\/#article","isPartOf":{"@id":"https:\/\/finquescampanya.com\/es\/el-auge-del-alquiler-de-temporada-entre-los-propietarios\/"},"author":{"name":"jperalta@api.cat","@id":"https:\/\/finquescampanya.com\/es\/#\/schema\/person\/4308624aba57986e7b026f6012e179f5"},"headline":"El auge del alquiler de temporada entre los propietarios","datePublished":"2026-03-11T09:00:56+00:00","mainEntityOfPage":{"@id":"https:\/\/finquescampanya.com\/es\/el-auge-del-alquiler-de-temporada-entre-los-propietarios\/"},"wordCount":390,"publisher":{"@id":"https:\/\/finquescampanya.com\/es\/#organization"},"image":{"@id":"https:\/\/finquescampanya.com\/es\/el-auge-del-alquiler-de-temporada-entre-los-propietarios\/#primaryimage"},"thumbnailUrl":"https:\/\/finquescampanya.com\/wp-content\/uploads\/2026\/03\/iStock-1137568172-scaled.jpg","inLanguage":"es"},{"@type":"WebPage","@id":"https:\/\/finquescampanya.com\/es\/el-auge-del-alquiler-de-temporada-entre-los-propietarios\/","url":"https:\/\/finquescampanya.com\/es\/el-auge-del-alquiler-de-temporada-entre-los-propietarios\/","name":"El auge del alquiler de temporada entre los propietarios - finquescampanya.com ag\u00e8ncia immobiliaria a Barcelona, Sant Andreu","isPartOf":{"@id":"https:\/\/finquescampanya.com\/es\/#website"},"primaryImageOfPage":{"@id":"https:\/\/finquescampanya.com\/es\/el-auge-del-alquiler-de-temporada-entre-los-propietarios\/#primaryimage"},"image":{"@id":"https:\/\/finquescampanya.com\/es\/el-auge-del-alquiler-de-temporada-entre-los-propietarios\/#primaryimage"},"thumbnailUrl":"https:\/\/finquescampanya.com\/wp-content\/uploads\/2026\/03\/iStock-1137568172-scaled.jpg","datePublished":"2026-03-11T09:00:56+00:00","description":"Casas, pisos y locales en venta en la provincia de Barcelona. Nuestra filosof\u00eda es dar un trato personalizado y cercano al cliente, no s\u00f3lo cumplir con sus expectativas sino tambi\u00e9n superarlas. Asimismo, el hecho de ser una empresa familiar nos facilita ser m\u00e1s flexibles y din\u00e1micos, permiti\u00e9ndonos una mayor agilidad para adaptarse a un sector en constante evoluci\u00f3n.","breadcrumb":{"@id":"https:\/\/finquescampanya.com\/es\/el-auge-del-alquiler-de-temporada-entre-los-propietarios\/#breadcrumb"},"inLanguage":"es","potentialAction":[{"@type":"ReadAction","target":["https:\/\/finquescampanya.com\/es\/el-auge-del-alquiler-de-temporada-entre-los-propietarios\/"]}]},{"@type":"ImageObject","inLanguage":"es","@id":"https:\/\/finquescampanya.com\/es\/el-auge-del-alquiler-de-temporada-entre-los-propietarios\/#primaryimage","url":"https:\/\/finquescampanya.com\/wp-content\/uploads\/2026\/03\/iStock-1137568172-scaled.jpg","contentUrl":"https:\/\/finquescampanya.com\/wp-content\/uploads\/2026\/03\/iStock-1137568172-scaled.jpg","width":2560,"height":1707,"caption":"Home model and rental agreement document with pen. Depicts the lease contract process for legal validity."},{"@type":"BreadcrumbList","@id":"https:\/\/finquescampanya.com\/es\/el-auge-del-alquiler-de-temporada-entre-los-propietarios\/#breadcrumb","itemListElement":[{"@type":"ListItem","position":1,"name":"Inici","item":"https:\/\/finquescampanya.com\/es\/"},{"@type":"ListItem","position":2,"name":"El auge del alquiler de temporada entre los propietarios"}]},{"@type":"WebSite","@id":"https:\/\/finquescampanya.com\/es\/#website","url":"https:\/\/finquescampanya.com\/es\/","name":"finquescampanya.com ag\u00e8ncia immobiliaria a Barcelona, Sant Andreu","description":"Administradors de finques i agents immobiliaris des de 1915","publisher":{"@id":"https:\/\/finquescampanya.com\/es\/#organization"},"potentialAction":[{"@type":"SearchAction","target":{"@type":"EntryPoint","urlTemplate":"https:\/\/finquescampanya.com\/es\/?s={search_term_string}"},"query-input":{"@type":"PropertyValueSpecification","valueRequired":true,"valueName":"search_term_string"}}],"inLanguage":"es"},{"@type":"Organization","@id":"https:\/\/finquescampanya.com\/es\/#organization","name":"Finques campany\u00e0","url":"https:\/\/finquescampanya.com\/es\/","logo":{"@type":"ImageObject","inLanguage":"es","@id":"https:\/\/finquescampanya.com\/es\/#\/schema\/logo\/image\/","url":"https:\/\/finquescampanya.com\/wp-content\/uploads\/2015\/12\/logo-final-pantone-WEB.jpg","contentUrl":"https:\/\/finquescampanya.com\/wp-content\/uploads\/2015\/12\/logo-final-pantone-WEB.jpg","width":627,"height":134,"caption":"Finques campany\u00e0"},"image":{"@id":"https:\/\/finquescampanya.com\/es\/#\/schema\/logo\/image\/"},"sameAs":["https:\/\/www.facebook.com\/pages\/Finques-Campanya\/115265252208077"]},{"@type":"Person","@id":"https:\/\/finquescampanya.com\/es\/#\/schema\/person\/4308624aba57986e7b026f6012e179f5","name":"jperalta@api.cat","image":{"@type":"ImageObject","inLanguage":"es","@id":"https:\/\/finquescampanya.com\/es\/#\/schema\/person\/image\/","url":"https:\/\/secure.gravatar.com\/avatar\/0f0378b736c658fdf315f2f76fd5c2d03debf2b4559955d721f241d1c6f077cd?s=96&d=mm&r=g","contentUrl":"https:\/\/secure.gravatar.com\/avatar\/0f0378b736c658fdf315f2f76fd5c2d03debf2b4559955d721f241d1c6f077cd?s=96&d=mm&r=g","caption":"jperalta@api.cat"}}]}},"_links":{"self":[{"href":"https:\/\/finquescampanya.com\/es\/wp-json\/wp\/v2\/posts\/58300","targetHints":{"allow":["GET"]}}],"collection":[{"href":"https:\/\/finquescampanya.com\/es\/wp-json\/wp\/v2\/posts"}],"about":[{"href":"https:\/\/finquescampanya.com\/es\/wp-json\/wp\/v2\/types\/post"}],"author":[{"embeddable":true,"href":"https:\/\/finquescampanya.com\/es\/wp-json\/wp\/v2\/users\/6"}],"replies":[{"embeddable":true,"href":"https:\/\/finquescampanya.com\/es\/wp-json\/wp\/v2\/comments?post=58300"}],"version-history":[{"count":1,"href":"https:\/\/finquescampanya.com\/es\/wp-json\/wp\/v2\/posts\/58300\/revisions"}],"predecessor-version":[{"id":58301,"href":"https:\/\/finquescampanya.com\/es\/wp-json\/wp\/v2\/posts\/58300\/revisions\/58301"}],"wp:featuredmedia":[{"embeddable":true,"href":"https:\/\/finquescampanya.com\/es\/wp-json\/wp\/v2\/media\/58297"}],"wp:attachment":[{"href":"https:\/\/finquescampanya.com\/es\/wp-json\/wp\/v2\/media?parent=58300"}],"wp:term":[{"taxonomy":"category","embeddable":true,"href":"https:\/\/finquescampanya.com\/es\/wp-json\/wp\/v2\/categories?post=58300"},{"taxonomy":"post_tag","embeddable":true,"href":"https:\/\/finquescampanya.com\/es\/wp-json\/wp\/v2\/tags?post=58300"}],"curies":[{"name":"wp","href":"https:\/\/api.w.org\/{rel}","templated":true}]}}