{"id":58333,"date":"2026-03-02T10:00:30","date_gmt":"2026-03-02T09:00:30","guid":{"rendered":"https:\/\/finquescampanya.com\/?p=58333"},"modified":"2026-03-04T13:09:20","modified_gmt":"2026-03-04T12:09:20","slug":"tendencias-cromaticas-en-interiorismo-para-2026","status":"publish","type":"post","link":"https:\/\/finquescampanya.com\/es\/tendencias-cromaticas-en-interiorismo-para-2026\/","title":{"rendered":"Tendencias crom\u00e1ticas en interiorismo para 2026"},"content":{"rendered":"<p>El color se convierte en 2026 en el gran protagonista del interiorismo. M\u00e1s all\u00e1 de lo puramente est\u00e9tico, las tendencias crom\u00e1ticas reflejan una necesidad colectiva de bienestar, equilibrio y conexi\u00f3n con lo natural. En <strong>Finques Campany\u00e0 <\/strong>observamos c\u00f3mo la elecci\u00f3n de la paleta adecuada puede transformar por completo la percepci\u00f3n de una vivienda, influyendo incluso en su luminosidad y amplitud visual.<\/p>\n<p>Una de las claves del a\u00f1o ser\u00e1 el contraste crom\u00e1tico inteligente. La combinaci\u00f3n de tonos vibrantes con bases neutras permitir\u00e1 introducir personalidad sin sobrecargar los espacios. Veremos verdes oliva o azul profundo dialogando con arenas suaves, grises piedra y blancos c\u00e1lidos. Esta f\u00f3rmula aporta dinamismo y sofisticaci\u00f3n sin perder armon\u00eda.<\/p>\n<p>Otra gran tendencia es la llamada paleta emocional. Ya no se elige un color \u00fanicamente porque est\u00e9 de moda, sino por la sensaci\u00f3n que genera. Los verdes salvia evocan calma y naturaleza; los terracotas modernos transmiten cercan\u00eda y calidez; los tonos tierra actualizados aportan estabilidad; mientras que los azules empolvados favorecen la introspecci\u00f3n y el descanso. El objetivo es dise\u00f1ar espacios que acompa\u00f1en nuestro ritmo vital.<\/p>\n<p>Los neutros evolucionan hacia matices m\u00e1s complejos. El cl\u00e1sico blanco fr\u00edo cede protagonismo a tonos lino, beige cremosos o greige, que envuelven sin endurecer la estancia. Estos colores funcionan como base perfecta para incorporar acentos m\u00e1s intensos a trav\u00e9s de textiles, obras de arte o piezas decorativas.<\/p>\n<p>Tambi\u00e9n veremos una apuesta por combinaciones inesperadas pero equilibradas: mezclar acabados met\u00e1licos con fondos naturales o introducir peque\u00f1os detalles en tonos atrevidos en espacios dominados por colores suaves. El secreto estar\u00e1 en la coherencia visual y en mantener un hilo conductor entre estancias.<\/p>\n<p>En 2026, el color deja de ser un simple recurso decorativo para convertirse en una herramienta estrat\u00e9gica. Elegir bien la gama crom\u00e1tica puede potenciar la luz, definir ambientes y aportar valor est\u00e9tico a cualquier inmueble. Porque un hogar no solo se habita: tambi\u00e9n se siente, y el color es el lenguaje que mejor expresa esa emoci\u00f3n.<\/p>\n","protected":false},"excerpt":{"rendered":"<p>El color se convierte en 2026 en el gran protagonista del interiorismo. M\u00e1s all\u00e1 de lo puramente est\u00e9tico, las tendencias crom\u00e1ticas reflejan una necesidad colectiva de bienestar, equilibrio y conexi\u00f3n con lo natural. En Finques Campany\u00e0 observamos c\u00f3mo la elecci\u00f3n de la paleta adecuada puede transformar por completo la percepci\u00f3n de una vivienda, influyendo incluso [&hellip;]<\/p>\n","protected":false},"author":6,"featured_media":58334,"comment_status":"closed","ping_status":"open","sticky":false,"template":"","format":"standard","meta":{"footnotes":""},"categories":[1],"tags":[],"class_list":["post-58333","post","type-post","status-publish","format-standard","has-post-thumbnail","hentry","category-sin-categoria","clearfix"],"yoast_head":"<!-- This site is optimized with the Yoast SEO plugin v26.3 - https:\/\/yoast.com\/wordpress\/plugins\/seo\/ -->\n<title>Tendencias crom\u00e1ticas en interiorismo para 2026 - finquescampanya.com ag\u00e8ncia immobiliaria a Barcelona, Sant Andreu<\/title>\n<meta name=\"description\" content=\"Casas, pisos y locales en venta en la provincia de Barcelona. Nuestra filosof\u00eda es dar un trato personalizado y cercano al cliente, no s\u00f3lo cumplir con sus expectativas sino tambi\u00e9n superarlas. Asimismo, el hecho de ser una empresa familiar nos facilita ser m\u00e1s flexibles y din\u00e1micos, permiti\u00e9ndonos una mayor agilidad para adaptarse a un sector en constante evoluci\u00f3n.\" \/>\n<meta name=\"robots\" content=\"noindex, follow\" \/>\n<meta property=\"og:locale\" content=\"es_ES\" \/>\n<meta property=\"og:type\" content=\"article\" \/>\n<meta property=\"og:title\" content=\"Tendencias crom\u00e1ticas en interiorismo para 2026 - finquescampanya.com ag\u00e8ncia immobiliaria a Barcelona, Sant Andreu\" \/>\n<meta property=\"og:description\" content=\"Casas, pisos y locales en venta en la provincia de Barcelona. Nuestra filosof\u00eda es dar un trato personalizado y cercano al cliente, no s\u00f3lo cumplir con sus expectativas sino tambi\u00e9n superarlas. Asimismo, el hecho de ser una empresa familiar nos facilita ser m\u00e1s flexibles y din\u00e1micos, permiti\u00e9ndonos una mayor agilidad para adaptarse a un sector en constante evoluci\u00f3n.\" \/>\n<meta property=\"og:url\" content=\"https:\/\/finquescampanya.com\/es\/tendencias-cromaticas-en-interiorismo-para-2026\/\" \/>\n<meta property=\"og:site_name\" content=\"finquescampanya.com ag\u00e8ncia immobiliaria a Barcelona, Sant Andreu\" \/>\n<meta property=\"article:publisher\" content=\"https:\/\/www.facebook.com\/pages\/Finques-Campanya\/115265252208077\" \/>\n<meta property=\"article:published_time\" content=\"2026-03-02T09:00:30+00:00\" \/>\n<meta property=\"article:modified_time\" content=\"2026-03-04T12:09:20+00:00\" \/>\n<meta property=\"og:image\" content=\"https:\/\/finquescampanya.com\/wp-content\/uploads\/2026\/03\/wety45y45.jpg\" \/>\n\t<meta property=\"og:image:width\" content=\"591\" \/>\n\t<meta property=\"og:image:height\" content=\"591\" \/>\n\t<meta property=\"og:image:type\" content=\"image\/jpeg\" \/>\n<meta name=\"author\" content=\"jperalta@api.cat\" \/>\n<meta name=\"twitter:card\" content=\"summary_large_image\" \/>\n<meta name=\"twitter:label1\" content=\"Escrito por\" \/>\n\t<meta name=\"twitter:data1\" content=\"jperalta@api.cat\" \/>\n\t<meta name=\"twitter:label2\" content=\"Tiempo de lectura\" \/>\n\t<meta name=\"twitter:data2\" content=\"2 minutos\" \/>\n<script type=\"application\/ld+json\" class=\"yoast-schema-graph\">{\"@context\":\"https:\/\/schema.org\",\"@graph\":[{\"@type\":\"Article\",\"@id\":\"https:\/\/finquescampanya.com\/es\/tendencias-cromaticas-en-interiorismo-para-2026\/#article\",\"isPartOf\":{\"@id\":\"https:\/\/finquescampanya.com\/es\/tendencias-cromaticas-en-interiorismo-para-2026\/\"},\"author\":{\"name\":\"jperalta@api.cat\",\"@id\":\"https:\/\/finquescampanya.com\/es\/#\/schema\/person\/4308624aba57986e7b026f6012e179f5\"},\"headline\":\"Tendencias crom\u00e1ticas en interiorismo para 2026\",\"datePublished\":\"2026-03-02T09:00:30+00:00\",\"dateModified\":\"2026-03-04T12:09:20+00:00\",\"mainEntityOfPage\":{\"@id\":\"https:\/\/finquescampanya.com\/es\/tendencias-cromaticas-en-interiorismo-para-2026\/\"},\"wordCount\":359,\"publisher\":{\"@id\":\"https:\/\/finquescampanya.com\/es\/#organization\"},\"image\":{\"@id\":\"https:\/\/finquescampanya.com\/es\/tendencias-cromaticas-en-interiorismo-para-2026\/#primaryimage\"},\"thumbnailUrl\":\"https:\/\/finquescampanya.com\/wp-content\/uploads\/2026\/03\/wety45y45.jpg\",\"inLanguage\":\"es\"},{\"@type\":\"WebPage\",\"@id\":\"https:\/\/finquescampanya.com\/es\/tendencias-cromaticas-en-interiorismo-para-2026\/\",\"url\":\"https:\/\/finquescampanya.com\/es\/tendencias-cromaticas-en-interiorismo-para-2026\/\",\"name\":\"Tendencias crom\u00e1ticas en interiorismo para 2026 - finquescampanya.com ag\u00e8ncia immobiliaria a Barcelona, Sant Andreu\",\"isPartOf\":{\"@id\":\"https:\/\/finquescampanya.com\/es\/#website\"},\"primaryImageOfPage\":{\"@id\":\"https:\/\/finquescampanya.com\/es\/tendencias-cromaticas-en-interiorismo-para-2026\/#primaryimage\"},\"image\":{\"@id\":\"https:\/\/finquescampanya.com\/es\/tendencias-cromaticas-en-interiorismo-para-2026\/#primaryimage\"},\"thumbnailUrl\":\"https:\/\/finquescampanya.com\/wp-content\/uploads\/2026\/03\/wety45y45.jpg\",\"datePublished\":\"2026-03-02T09:00:30+00:00\",\"dateModified\":\"2026-03-04T12:09:20+00:00\",\"description\":\"Casas, pisos y locales en venta en la provincia de Barcelona. Nuestra filosof\u00eda es dar un trato personalizado y cercano al cliente, no s\u00f3lo cumplir con sus expectativas sino tambi\u00e9n superarlas. Asimismo, el hecho de ser una empresa familiar nos facilita ser m\u00e1s flexibles y din\u00e1micos, permiti\u00e9ndonos una mayor agilidad para adaptarse a un sector en constante evoluci\u00f3n.\",\"breadcrumb\":{\"@id\":\"https:\/\/finquescampanya.com\/es\/tendencias-cromaticas-en-interiorismo-para-2026\/#breadcrumb\"},\"inLanguage\":\"es\",\"potentialAction\":[{\"@type\":\"ReadAction\",\"target\":[\"https:\/\/finquescampanya.com\/es\/tendencias-cromaticas-en-interiorismo-para-2026\/\"]}]},{\"@type\":\"ImageObject\",\"inLanguage\":\"es\",\"@id\":\"https:\/\/finquescampanya.com\/es\/tendencias-cromaticas-en-interiorismo-para-2026\/#primaryimage\",\"url\":\"https:\/\/finquescampanya.com\/wp-content\/uploads\/2026\/03\/wety45y45.jpg\",\"contentUrl\":\"https:\/\/finquescampanya.com\/wp-content\/uploads\/2026\/03\/wety45y45.jpg\",\"width\":591,\"height\":591},{\"@type\":\"BreadcrumbList\",\"@id\":\"https:\/\/finquescampanya.com\/es\/tendencias-cromaticas-en-interiorismo-para-2026\/#breadcrumb\",\"itemListElement\":[{\"@type\":\"ListItem\",\"position\":1,\"name\":\"Inici\",\"item\":\"https:\/\/finquescampanya.com\/es\/\"},{\"@type\":\"ListItem\",\"position\":2,\"name\":\"Tendencias crom\u00e1ticas en interiorismo para 2026\"}]},{\"@type\":\"WebSite\",\"@id\":\"https:\/\/finquescampanya.com\/es\/#website\",\"url\":\"https:\/\/finquescampanya.com\/es\/\",\"name\":\"finquescampanya.com ag\u00e8ncia immobiliaria a Barcelona, Sant Andreu\",\"description\":\"Administradors de finques i agents immobiliaris des de 1915\",\"publisher\":{\"@id\":\"https:\/\/finquescampanya.com\/es\/#organization\"},\"potentialAction\":[{\"@type\":\"SearchAction\",\"target\":{\"@type\":\"EntryPoint\",\"urlTemplate\":\"https:\/\/finquescampanya.com\/es\/?s={search_term_string}\"},\"query-input\":{\"@type\":\"PropertyValueSpecification\",\"valueRequired\":true,\"valueName\":\"search_term_string\"}}],\"inLanguage\":\"es\"},{\"@type\":\"Organization\",\"@id\":\"https:\/\/finquescampanya.com\/es\/#organization\",\"name\":\"Finques campany\u00e0\",\"url\":\"https:\/\/finquescampanya.com\/es\/\",\"logo\":{\"@type\":\"ImageObject\",\"inLanguage\":\"es\",\"@id\":\"https:\/\/finquescampanya.com\/es\/#\/schema\/logo\/image\/\",\"url\":\"https:\/\/finquescampanya.com\/wp-content\/uploads\/2015\/12\/logo-final-pantone-WEB.jpg\",\"contentUrl\":\"https:\/\/finquescampanya.com\/wp-content\/uploads\/2015\/12\/logo-final-pantone-WEB.jpg\",\"width\":627,\"height\":134,\"caption\":\"Finques campany\u00e0\"},\"image\":{\"@id\":\"https:\/\/finquescampanya.com\/es\/#\/schema\/logo\/image\/\"},\"sameAs\":[\"https:\/\/www.facebook.com\/pages\/Finques-Campanya\/115265252208077\"]},{\"@type\":\"Person\",\"@id\":\"https:\/\/finquescampanya.com\/es\/#\/schema\/person\/4308624aba57986e7b026f6012e179f5\",\"name\":\"jperalta@api.cat\",\"image\":{\"@type\":\"ImageObject\",\"inLanguage\":\"es\",\"@id\":\"https:\/\/finquescampanya.com\/es\/#\/schema\/person\/image\/\",\"url\":\"https:\/\/secure.gravatar.com\/avatar\/0f0378b736c658fdf315f2f76fd5c2d03debf2b4559955d721f241d1c6f077cd?s=96&d=mm&r=g\",\"contentUrl\":\"https:\/\/secure.gravatar.com\/avatar\/0f0378b736c658fdf315f2f76fd5c2d03debf2b4559955d721f241d1c6f077cd?s=96&d=mm&r=g\",\"caption\":\"jperalta@api.cat\"}}]}<\/script>\n<!-- \/ Yoast SEO plugin. -->","yoast_head_json":{"title":"Tendencias crom\u00e1ticas en interiorismo para 2026 - finquescampanya.com ag\u00e8ncia immobiliaria a Barcelona, Sant Andreu","description":"Casas, pisos y locales en venta en la provincia de Barcelona. Nuestra filosof\u00eda es dar un trato personalizado y cercano al cliente, no s\u00f3lo cumplir con sus expectativas sino tambi\u00e9n superarlas. Asimismo, el hecho de ser una empresa familiar nos facilita ser m\u00e1s flexibles y din\u00e1micos, permiti\u00e9ndonos una mayor agilidad para adaptarse a un sector en constante evoluci\u00f3n.","robots":{"index":"noindex","follow":"follow"},"og_locale":"es_ES","og_type":"article","og_title":"Tendencias crom\u00e1ticas en interiorismo para 2026 - finquescampanya.com ag\u00e8ncia immobiliaria a Barcelona, Sant Andreu","og_description":"Casas, pisos y locales en venta en la provincia de Barcelona. Nuestra filosof\u00eda es dar un trato personalizado y cercano al cliente, no s\u00f3lo cumplir con sus expectativas sino tambi\u00e9n superarlas. Asimismo, el hecho de ser una empresa familiar nos facilita ser m\u00e1s flexibles y din\u00e1micos, permiti\u00e9ndonos una mayor agilidad para adaptarse a un sector en constante evoluci\u00f3n.","og_url":"https:\/\/finquescampanya.com\/es\/tendencias-cromaticas-en-interiorismo-para-2026\/","og_site_name":"finquescampanya.com ag\u00e8ncia immobiliaria a Barcelona, Sant Andreu","article_publisher":"https:\/\/www.facebook.com\/pages\/Finques-Campanya\/115265252208077","article_published_time":"2026-03-02T09:00:30+00:00","article_modified_time":"2026-03-04T12:09:20+00:00","og_image":[{"width":591,"height":591,"url":"https:\/\/finquescampanya.com\/wp-content\/uploads\/2026\/03\/wety45y45.jpg","type":"image\/jpeg"}],"author":"jperalta@api.cat","twitter_card":"summary_large_image","twitter_misc":{"Escrito por":"jperalta@api.cat","Tiempo de lectura":"2 minutos"},"schema":{"@context":"https:\/\/schema.org","@graph":[{"@type":"Article","@id":"https:\/\/finquescampanya.com\/es\/tendencias-cromaticas-en-interiorismo-para-2026\/#article","isPartOf":{"@id":"https:\/\/finquescampanya.com\/es\/tendencias-cromaticas-en-interiorismo-para-2026\/"},"author":{"name":"jperalta@api.cat","@id":"https:\/\/finquescampanya.com\/es\/#\/schema\/person\/4308624aba57986e7b026f6012e179f5"},"headline":"Tendencias crom\u00e1ticas en interiorismo para 2026","datePublished":"2026-03-02T09:00:30+00:00","dateModified":"2026-03-04T12:09:20+00:00","mainEntityOfPage":{"@id":"https:\/\/finquescampanya.com\/es\/tendencias-cromaticas-en-interiorismo-para-2026\/"},"wordCount":359,"publisher":{"@id":"https:\/\/finquescampanya.com\/es\/#organization"},"image":{"@id":"https:\/\/finquescampanya.com\/es\/tendencias-cromaticas-en-interiorismo-para-2026\/#primaryimage"},"thumbnailUrl":"https:\/\/finquescampanya.com\/wp-content\/uploads\/2026\/03\/wety45y45.jpg","inLanguage":"es"},{"@type":"WebPage","@id":"https:\/\/finquescampanya.com\/es\/tendencias-cromaticas-en-interiorismo-para-2026\/","url":"https:\/\/finquescampanya.com\/es\/tendencias-cromaticas-en-interiorismo-para-2026\/","name":"Tendencias crom\u00e1ticas en interiorismo para 2026 - finquescampanya.com ag\u00e8ncia immobiliaria a Barcelona, Sant Andreu","isPartOf":{"@id":"https:\/\/finquescampanya.com\/es\/#website"},"primaryImageOfPage":{"@id":"https:\/\/finquescampanya.com\/es\/tendencias-cromaticas-en-interiorismo-para-2026\/#primaryimage"},"image":{"@id":"https:\/\/finquescampanya.com\/es\/tendencias-cromaticas-en-interiorismo-para-2026\/#primaryimage"},"thumbnailUrl":"https:\/\/finquescampanya.com\/wp-content\/uploads\/2026\/03\/wety45y45.jpg","datePublished":"2026-03-02T09:00:30+00:00","dateModified":"2026-03-04T12:09:20+00:00","description":"Casas, pisos y locales en venta en la provincia de Barcelona. Nuestra filosof\u00eda es dar un trato personalizado y cercano al cliente, no s\u00f3lo cumplir con sus expectativas sino tambi\u00e9n superarlas. Asimismo, el hecho de ser una empresa familiar nos facilita ser m\u00e1s flexibles y din\u00e1micos, permiti\u00e9ndonos una mayor agilidad para adaptarse a un sector en constante evoluci\u00f3n.","breadcrumb":{"@id":"https:\/\/finquescampanya.com\/es\/tendencias-cromaticas-en-interiorismo-para-2026\/#breadcrumb"},"inLanguage":"es","potentialAction":[{"@type":"ReadAction","target":["https:\/\/finquescampanya.com\/es\/tendencias-cromaticas-en-interiorismo-para-2026\/"]}]},{"@type":"ImageObject","inLanguage":"es","@id":"https:\/\/finquescampanya.com\/es\/tendencias-cromaticas-en-interiorismo-para-2026\/#primaryimage","url":"https:\/\/finquescampanya.com\/wp-content\/uploads\/2026\/03\/wety45y45.jpg","contentUrl":"https:\/\/finquescampanya.com\/wp-content\/uploads\/2026\/03\/wety45y45.jpg","width":591,"height":591},{"@type":"BreadcrumbList","@id":"https:\/\/finquescampanya.com\/es\/tendencias-cromaticas-en-interiorismo-para-2026\/#breadcrumb","itemListElement":[{"@type":"ListItem","position":1,"name":"Inici","item":"https:\/\/finquescampanya.com\/es\/"},{"@type":"ListItem","position":2,"name":"Tendencias crom\u00e1ticas en interiorismo para 2026"}]},{"@type":"WebSite","@id":"https:\/\/finquescampanya.com\/es\/#website","url":"https:\/\/finquescampanya.com\/es\/","name":"finquescampanya.com ag\u00e8ncia immobiliaria a Barcelona, Sant Andreu","description":"Administradors de finques i agents immobiliaris des de 1915","publisher":{"@id":"https:\/\/finquescampanya.com\/es\/#organization"},"potentialAction":[{"@type":"SearchAction","target":{"@type":"EntryPoint","urlTemplate":"https:\/\/finquescampanya.com\/es\/?s={search_term_string}"},"query-input":{"@type":"PropertyValueSpecification","valueRequired":true,"valueName":"search_term_string"}}],"inLanguage":"es"},{"@type":"Organization","@id":"https:\/\/finquescampanya.com\/es\/#organization","name":"Finques campany\u00e0","url":"https:\/\/finquescampanya.com\/es\/","logo":{"@type":"ImageObject","inLanguage":"es","@id":"https:\/\/finquescampanya.com\/es\/#\/schema\/logo\/image\/","url":"https:\/\/finquescampanya.com\/wp-content\/uploads\/2015\/12\/logo-final-pantone-WEB.jpg","contentUrl":"https:\/\/finquescampanya.com\/wp-content\/uploads\/2015\/12\/logo-final-pantone-WEB.jpg","width":627,"height":134,"caption":"Finques campany\u00e0"},"image":{"@id":"https:\/\/finquescampanya.com\/es\/#\/schema\/logo\/image\/"},"sameAs":["https:\/\/www.facebook.com\/pages\/Finques-Campanya\/115265252208077"]},{"@type":"Person","@id":"https:\/\/finquescampanya.com\/es\/#\/schema\/person\/4308624aba57986e7b026f6012e179f5","name":"jperalta@api.cat","image":{"@type":"ImageObject","inLanguage":"es","@id":"https:\/\/finquescampanya.com\/es\/#\/schema\/person\/image\/","url":"https:\/\/secure.gravatar.com\/avatar\/0f0378b736c658fdf315f2f76fd5c2d03debf2b4559955d721f241d1c6f077cd?s=96&d=mm&r=g","contentUrl":"https:\/\/secure.gravatar.com\/avatar\/0f0378b736c658fdf315f2f76fd5c2d03debf2b4559955d721f241d1c6f077cd?s=96&d=mm&r=g","caption":"jperalta@api.cat"}}]}},"_links":{"self":[{"href":"https:\/\/finquescampanya.com\/es\/wp-json\/wp\/v2\/posts\/58333","targetHints":{"allow":["GET"]}}],"collection":[{"href":"https:\/\/finquescampanya.com\/es\/wp-json\/wp\/v2\/posts"}],"about":[{"href":"https:\/\/finquescampanya.com\/es\/wp-json\/wp\/v2\/types\/post"}],"author":[{"embeddable":true,"href":"https:\/\/finquescampanya.com\/es\/wp-json\/wp\/v2\/users\/6"}],"replies":[{"embeddable":true,"href":"https:\/\/finquescampanya.com\/es\/wp-json\/wp\/v2\/comments?post=58333"}],"version-history":[{"count":1,"href":"https:\/\/finquescampanya.com\/es\/wp-json\/wp\/v2\/posts\/58333\/revisions"}],"predecessor-version":[{"id":58336,"href":"https:\/\/finquescampanya.com\/es\/wp-json\/wp\/v2\/posts\/58333\/revisions\/58336"}],"wp:featuredmedia":[{"embeddable":true,"href":"https:\/\/finquescampanya.com\/es\/wp-json\/wp\/v2\/media\/58334"}],"wp:attachment":[{"href":"https:\/\/finquescampanya.com\/es\/wp-json\/wp\/v2\/media?parent=58333"}],"wp:term":[{"taxonomy":"category","embeddable":true,"href":"https:\/\/finquescampanya.com\/es\/wp-json\/wp\/v2\/categories?post=58333"},{"taxonomy":"post_tag","embeddable":true,"href":"https:\/\/finquescampanya.com\/es\/wp-json\/wp\/v2\/tags?post=58333"}],"curies":[{"name":"wp","href":"https:\/\/api.w.org\/{rel}","templated":true}]}}